{"id":15749,"date":"2026-09-04T14:01:53","date_gmt":"2026-09-04T12:01:53","guid":{"rendered":"https:\/\/fundacionporib.org\/?p=15749"},"modified":"2026-09-04T14:01:53","modified_gmt":"2026-09-04T12:01:53","slug":"dia-mundial-del-mieloma-multiple-3","status":"publish","type":"post","link":"https:\/\/fundacionporib.org\/en\/dia-mundial-del-mieloma-multiple-3\/","title":{"rendered":"D\u00eda Mundial del Mieloma M\u00faltiple"},"content":{"rendered":"<p>Ma\u00f1ana, 5 de septiembre, nos sumamos al D\u00eda Mundial del Mieloma M\u00faltiple, una fecha para visibilizar una enfermedad hematol\u00f3gica que afecta a miles de personas y para poner en valor la investigaci\u00f3n, la innovaci\u00f3n y el acceso a una atenci\u00f3n integral.<br \/>\n\ud83d\udd39 El mieloma m\u00faltiple es un c\u00e1ncer de la sangre que se origina en las c\u00e9lulas plasm\u00e1ticas, un tipo de gl\u00f3bulo blanco presente en la m\u00e9dula \u00f3sea.<br \/>\n\ud83d\udd39 Representa aproximadamente el 1-2 % de todos los c\u00e1nceres y alrededor del 10 % de las neoplasias hematol\u00f3gicas.<br \/>\n\ud83d\udd39 Aunque actualmente no existe una cura definitiva, los avances en el diagn\u00f3stico y en los tratamientos han permitido mejorar de forma significativa la supervivencia y la calidad de vida de muchas personas.<br \/>\nReafirmamos el compromiso de la Fundaci\u00f3n PORIB con la informaci\u00f3n, la investigaci\u00f3n, la innovaci\u00f3n y el acompa\u00f1amiento de las personas con mieloma m\u00faltiple y sus familias.<\/p>\n<p><a href=\"https:\/\/fundacionporib.org\/wp-content\/uploads\/2026\/09\/Mieloma-Multiple.pdf\" target=\"_blank\" rel=\"noopener\">M\u00c1S INFORMACI\u00d3N<\/a><\/p>\n","protected":false},"excerpt":{"rendered":"<p>Ma\u00f1ana, 5 de septiembre, nos sumamos al D\u00eda Mundial del Mieloma M\u00faltiple, una fecha para visibilizar una enfermedad hematol\u00f3gica que afecta a miles de personas y para poner en valor la investigaci\u00f3n, la innovaci\u00f3n y el acceso a una atenci\u00f3n integral. \ud83d\udd39 El mieloma m\u00faltiple es un c\u00e1ncer de la sangre que se origina en&#8230; <\/p>\n<div class=\"clear\"><\/div>\n<p><a href=\"https:\/\/fundacionporib.org\/en\/dia-mundial-del-mieloma-multiple-3\/\" class=\"excerpt-read-more\">Read More<i class=\"fa fa-caret-right icon-caret-right\"><\/i><\/a><\/p>\n","protected":false},"author":4,"featured_media":15750,"comment_status":"closed","ping_status":"closed","sticky":false,"template":"","format":"standard","meta":[],"categories":[972],"tags":[],"translation":{"provider":"WPGlobus","version":"2.7.3","language":"en","enabled_languages":["es","en"],"languages":{"es":{"title":true,"content":true,"excerpt":false},"en":{"title":false,"content":false,"excerpt":false}}},"_links":{"self":[{"href":"https:\/\/fundacionporib.org\/en\/wp-json\/wp\/v2\/posts\/15749"}],"collection":[{"href":"https:\/\/fundacionporib.org\/en\/wp-json\/wp\/v2\/posts"}],"about":[{"href":"https:\/\/fundacionporib.org\/en\/wp-json\/wp\/v2\/types\/post"}],"author":[{"embeddable":true,"href":"https:\/\/fundacionporib.org\/en\/wp-json\/wp\/v2\/users\/4"}],"replies":[{"embeddable":true,"href":"https:\/\/fundacionporib.org\/en\/wp-json\/wp\/v2\/comments?post=15749"}],"version-history":[{"count":1,"href":"https:\/\/fundacionporib.org\/en\/wp-json\/wp\/v2\/posts\/15749\/revisions"}],"predecessor-version":[{"id":15752,"href":"https:\/\/fundacionporib.org\/en\/wp-json\/wp\/v2\/posts\/15749\/revisions\/15752"}],"wp:featuredmedia":[{"embeddable":true,"href":"https:\/\/fundacionporib.org\/en\/wp-json\/wp\/v2\/media\/15750"}],"wp:attachment":[{"href":"https:\/\/fundacionporib.org\/en\/wp-json\/wp\/v2\/media?parent=15749"}],"wp:term":[{"taxonomy":"category","embeddable":true,"href":"https:\/\/fundacionporib.org\/en\/wp-json\/wp\/v2\/categories?post=15749"},{"taxonomy":"post_tag","embeddable":true,"href":"https:\/\/fundacionporib.org\/en\/wp-json\/wp\/v2\/tags?post=15749"}],"curies":[{"name":"wp","href":"https:\/\/api.w.org\/{rel}","templated":true}]}}