{"id":14459,"date":"2023-09-05T14:12:08","date_gmt":"2023-09-05T12:12:08","guid":{"rendered":"https:\/\/fundacionporib.org\/?p=14459"},"modified":"2023-09-05T14:12:08","modified_gmt":"2023-09-05T12:12:08","slug":"dia-mundial-del-mieloma-multiple","status":"publish","type":"post","link":"https:\/\/fundacionporib.org\/en\/dia-mundial-del-mieloma-multiple\/","title":{"rendered":"D\u00eda Mundial del Mieloma M\u00faltiple"},"content":{"rendered":"<p>Hoy 5 de septiembre, se conmemora el D\u00eda Mundial del Mieloma M\u00faltiple. El objetivo de este d\u00eda es concienciar a la sociedad sobre la enfermedad, as\u00ed como reivindicar la necesidad de seguir investigando para mejorar la calidad de vida de los pacientes.<\/p>\n<p><a href=\"https:\/\/fundacionporib.org\/wp-content\/uploads\/2023\/09\/Dia-mundial-del-mieloma-multiple.pdf\" target=\"_blank\" rel=\"noopener\">M\u00c1S INFORMACI\u00d3N<\/a><\/p>\n","protected":false},"excerpt":{"rendered":"<p>Hoy 5 de septiembre, se conmemora el D\u00eda Mundial del Mieloma M\u00faltiple. El objetivo de este d\u00eda es concienciar a la sociedad sobre la enfermedad, as\u00ed como reivindicar la necesidad de seguir investigando para mejorar la calidad de vida de los pacientes. M\u00c1S INFORMACI\u00d3N<\/p>\n","protected":false},"author":4,"featured_media":14461,"comment_status":"closed","ping_status":"closed","sticky":false,"template":"","format":"standard","meta":[],"categories":[972],"tags":[],"translation":{"provider":"WPGlobus","version":"2.7.3","language":"en","enabled_languages":["es","en"],"languages":{"es":{"title":true,"content":true,"excerpt":false},"en":{"title":false,"content":false,"excerpt":false}}},"_links":{"self":[{"href":"https:\/\/fundacionporib.org\/en\/wp-json\/wp\/v2\/posts\/14459"}],"collection":[{"href":"https:\/\/fundacionporib.org\/en\/wp-json\/wp\/v2\/posts"}],"about":[{"href":"https:\/\/fundacionporib.org\/en\/wp-json\/wp\/v2\/types\/post"}],"author":[{"embeddable":true,"href":"https:\/\/fundacionporib.org\/en\/wp-json\/wp\/v2\/users\/4"}],"replies":[{"embeddable":true,"href":"https:\/\/fundacionporib.org\/en\/wp-json\/wp\/v2\/comments?post=14459"}],"version-history":[{"count":1,"href":"https:\/\/fundacionporib.org\/en\/wp-json\/wp\/v2\/posts\/14459\/revisions"}],"predecessor-version":[{"id":14462,"href":"https:\/\/fundacionporib.org\/en\/wp-json\/wp\/v2\/posts\/14459\/revisions\/14462"}],"wp:featuredmedia":[{"embeddable":true,"href":"https:\/\/fundacionporib.org\/en\/wp-json\/wp\/v2\/media\/14461"}],"wp:attachment":[{"href":"https:\/\/fundacionporib.org\/en\/wp-json\/wp\/v2\/media?parent=14459"}],"wp:term":[{"taxonomy":"category","embeddable":true,"href":"https:\/\/fundacionporib.org\/en\/wp-json\/wp\/v2\/categories?post=14459"},{"taxonomy":"post_tag","embeddable":true,"href":"https:\/\/fundacionporib.org\/en\/wp-json\/wp\/v2\/tags?post=14459"}],"curies":[{"name":"wp","href":"https:\/\/api.w.org\/{rel}","templated":true}]}}