{"id":14060,"date":"2023-06-09T10:08:50","date_gmt":"2023-06-09T08:08:50","guid":{"rendered":"https:\/\/fundacionporib.org\/?p=14060"},"modified":"2023-06-09T10:09:25","modified_gmt":"2023-06-09T08:09:25","slug":"dia-mundial-del-cancer-de-prostata","status":"publish","type":"post","link":"https:\/\/fundacionporib.org\/en\/dia-mundial-del-cancer-de-prostata\/","title":{"rendered":"D\u00eda Mundial del C\u00e1ncer de Pr\u00f3stata"},"content":{"rendered":"<p>El pr\u00f3ximo domingo d\u00eda 11 de junio se conmemora el <strong>D\u00eda Mundial del C\u00e1ncer de Pr\u00f3stata<\/strong>. Este tumor es el m\u00e1s frecuente en hombres, estim\u00e1ndose su diagn\u00f3stico en uno de cada ocho varones.<br \/>\nLa detecci\u00f3n temprana permite que los pacientes sean diagnosticados y tratados en fases localizadas de la enfermedad. Generalmente, no provoca s\u00edntomas hasta estadios avanzados.<\/p>\n<p><a href=\"https:\/\/fundacionporib.org\/wp-content\/uploads\/2023\/06\/Cancer-de-Prostata.pdf\" target=\"_blank\" rel=\"noopener\">M\u00c1S INFORMACI\u00d3N<\/a><\/p>\n","protected":false},"excerpt":{"rendered":"<p>El pr\u00f3ximo domingo d\u00eda 11 de junio se conmemora el D\u00eda Mundial del C\u00e1ncer de Pr\u00f3stata. Este tumor es el m\u00e1s frecuente en hombres, estim\u00e1ndose su diagn\u00f3stico en uno de cada ocho varones. La detecci\u00f3n temprana permite que los pacientes sean diagnosticados y tratados en fases localizadas de la enfermedad. Generalmente, no provoca s\u00edntomas hasta&#8230; <\/p>\n<div class=\"clear\"><\/div>\n<p><a href=\"https:\/\/fundacionporib.org\/en\/dia-mundial-del-cancer-de-prostata\/\" class=\"excerpt-read-more\">Read More<i class=\"fa fa-caret-right icon-caret-right\"><\/i><\/a><\/p>\n","protected":false},"author":4,"featured_media":14062,"comment_status":"closed","ping_status":"closed","sticky":false,"template":"","format":"standard","meta":[],"categories":[972],"tags":[],"translation":{"provider":"WPGlobus","version":"2.7.3","language":"en","enabled_languages":["es","en"],"languages":{"es":{"title":true,"content":true,"excerpt":false},"en":{"title":false,"content":false,"excerpt":false}}},"_links":{"self":[{"href":"https:\/\/fundacionporib.org\/en\/wp-json\/wp\/v2\/posts\/14060"}],"collection":[{"href":"https:\/\/fundacionporib.org\/en\/wp-json\/wp\/v2\/posts"}],"about":[{"href":"https:\/\/fundacionporib.org\/en\/wp-json\/wp\/v2\/types\/post"}],"author":[{"embeddable":true,"href":"https:\/\/fundacionporib.org\/en\/wp-json\/wp\/v2\/users\/4"}],"replies":[{"embeddable":true,"href":"https:\/\/fundacionporib.org\/en\/wp-json\/wp\/v2\/comments?post=14060"}],"version-history":[{"count":2,"href":"https:\/\/fundacionporib.org\/en\/wp-json\/wp\/v2\/posts\/14060\/revisions"}],"predecessor-version":[{"id":14064,"href":"https:\/\/fundacionporib.org\/en\/wp-json\/wp\/v2\/posts\/14060\/revisions\/14064"}],"wp:featuredmedia":[{"embeddable":true,"href":"https:\/\/fundacionporib.org\/en\/wp-json\/wp\/v2\/media\/14062"}],"wp:attachment":[{"href":"https:\/\/fundacionporib.org\/en\/wp-json\/wp\/v2\/media?parent=14060"}],"wp:term":[{"taxonomy":"category","embeddable":true,"href":"https:\/\/fundacionporib.org\/en\/wp-json\/wp\/v2\/categories?post=14060"},{"taxonomy":"post_tag","embeddable":true,"href":"https:\/\/fundacionporib.org\/en\/wp-json\/wp\/v2\/tags?post=14060"}],"curies":[{"name":"wp","href":"https:\/\/api.w.org\/{rel}","templated":true}]}}